{"id":76,"date":"2020-05-16T09:18:49","date_gmt":"2020-05-16T09:18:49","guid":{"rendered":"http:\/\/uluturk.net\/rafet\/?p=76"},"modified":"2021-03-26T14:19:26","modified_gmt":"2021-03-26T14:19:26","slug":"bulgaristan-turklerinin-dirilisi-19-mayis-1989","status":"publish","type":"post","link":"http:\/\/uluturk.net\/rafet\/bulgaristan-turklerinin-dirilisi-19-mayis-1989\/","title":{"rendered":"Bulgaristan T\u00fcrklerinin Dirili\u015fi 19 May\u0131s 1989"},"content":{"rendered":"\n<figure class=\"wp-block-image size-large\"><a href=\"http:\/\/uluturk.net\/rafet\/wp-content\/uploads\/bulgaristanda-mayis-olaylari-2020.pdf\"><img loading=\"lazy\" decoding=\"async\" width=\"642\" height=\"1024\" src=\"http:\/\/uluturk.net\/rafet\/wp-content\/uploads\/bulgaristan-may\u0131s-olaylar\u0131-642x1024.jpg\" alt=\"\" class=\"wp-image-77\" srcset=\"http:\/\/uluturk.net\/rafet\/wp-content\/uploads\/bulgaristan-may\u0131s-olaylar\u0131-642x1024.jpg 642w, http:\/\/uluturk.net\/rafet\/wp-content\/uploads\/bulgaristan-may\u0131s-olaylar\u0131-188x300.jpg 188w, http:\/\/uluturk.net\/rafet\/wp-content\/uploads\/bulgaristan-may\u0131s-olaylar\u0131-768x1226.jpg 768w, http:\/\/uluturk.net\/rafet\/wp-content\/uploads\/bulgaristan-may\u0131s-olaylar\u0131-963x1536.jpg 963w, http:\/\/uluturk.net\/rafet\/wp-content\/uploads\/bulgaristan-may\u0131s-olaylar\u0131-1283x2048.jpg 1283w, http:\/\/uluturk.net\/rafet\/wp-content\/uploads\/bulgaristan-may\u0131s-olaylar\u0131.jpg 1410w\" sizes=\"auto, (max-width: 642px) 100vw, 642px\" \/><\/a><\/figure>\n\n\n\n<!--more-->\n\n\n\n<p><\/p>\n\n\n\n<p>\u0130\u00e7indekiler<br \/>Giri\u015f\u2026\u2026\u2026\u2026\u2026\u2026\u2026\u2026\u2026\u2026\u2026\u2026\u2026\u2026\u2026\u2026\u2026\u2026\u2026\u2026\u2026\u2026\u2026\u2026\u2026\u2026\u2026\u2026\u2026\u2026\u2026\u2026.. 7<br \/>\u00d6ns\u00f6z \u2026\u2026\u2026\u2026\u2026\u2026\u2026\u2026\u2026\u2026\u2026\u2026\u2026\u2026\u2026\u2026\u2026\u2026\u2026\u2026\u2026\u2026\u2026\u2026\u2026\u2026\u2026\u2026\u2026\u2026\u2026.. 8<br \/>Bulgaristan\u2019da Politik Modelin De\u011fi\u015ftirilmesi\u2026\u2026\u2026\u2026\u2026\u2026\u2026\u2026\u2026\u2026. 9<br \/>Demokrasinin Do\u011fu\u015fu \u2026\u2026\u2026\u2026\u2026\u2026\u2026\u2026\u2026\u2026\u2026\u2026\u2026\u2026\u2026\u2026\u2026\u2026\u2026.\u2026\u2026.. 14<br \/>Demokrasinin Do\u011fu\u015fu \u2013 2\u2026\u2026\u2026\u2026\u2026\u2026\u2026\u2026\u2026\u2026\u2026\u2026\u2026\u2026\u2026\u2026\u2026\u2026\u2026\u2026 17<br \/>Demokrasinin Do\u011fu\u015fu-3 \u2026\u2026\u2026\u2026\u2026\u2026\u2026\u2026\u2026\u2026\u2026\u2026\u2026\u2026\u2026\u2026\u2026\u2026\u2026\u2026.. 19<br \/>DAVAMIZ YA\u015eIYOR \u2026\u2026\u2026\u2026\u2026\u2026\u2026\u2026\u2026\u2026\u2026\u2026\u2026\u2026\u2026\u2026\u2026\u2026\u2026\u2026\u2026..\u2026\u2026 26<br \/>Uzanal\u0131m Beraberce G\u00f6klere \u2026\u2026\u2026\u2026\u2026\u2026\u2026\u2026\u2026\u2026\u2026\u2026\u2026\u2026\u2026\u2026\u2026\u2026 34<br \/>Bayraklar Bayramlarda Dalgalan\u0131r \u2026\u2026\u2026\u2026\u2026\u2026\u2026\u2026\u2026\u2026\u2026\u2026\u2026\u2026. 37<br \/>Ist\u0131rap Kaynaklar\u0131m\u0131z\u2026\u2026\u2026\u2026\u2026\u2026\u2026\u2026\u2026\u2026\u2026\u2026\u2026\u2026\u2026\u2026\u2026\u2026\u2026\u2026\u2026\u2026 42<br \/>Eski Zaman Yeni Zaman \u2026\u2026\u2026\u2026\u2026\u2026\u2026\u2026\u2026\u2026\u2026\u2026\u2026\u2026\u2026\u2026\u2026\u2026\u2026\u2026. 47<br \/>Bir An\u0131 \u2026\u2026\u2026\u2026\u2026\u2026\u2026\u2026\u2026\u2026\u2026\u2026\u2026\u2026\u2026\u2026\u2026\u2026\u2026\u2026\u2026\u2026\u2026\u2026\u2026\u2026\u2026\u2026\u2026.. 54<br \/>SELAM OLSUN !\u2026\u2026\u2026\u2026\u2026\u2026\u2026\u2026\u2026\u2026\u2026\u2026\u2026\u2026\u2026\u2026\u2026\u2026\u2026\u2026\u2026\u2026\u2026\u2026\u2026 56<br \/>Bulgaristan Bulgarlar\u0131nd\u0131r, T\u00fcrkler T\u00fcrkiye\u2019ye\u2026\u2026\u2026\u2026\u2026\u2026\u2026\u2026. 59<br \/>Bizler Kovulmu\u015f Da Olsak Vatan\u0131m\u0131zda D\u00fc\u015fmanl\u0131k Tohumlar\u0131<br \/>B\u0131rakmad\u0131k\u2026\u2026\u2026\u2026\u2026\u2026\u2026\u2026\u2026\u2026\u2026\u2026\u2026\u2026\u2026\u2026\u2026\u2026\u2026\u2026\u2026\u2026\u2026\u2026\u2026\u2026\u2026. 63<br \/>Hepimiz Bir, Birimiz Hepimiz Olal\u0131m! \u2026\u2026\u2026\u2026\u2026\u2026\u2026\u2026\u2026\u2026\u2026\u2026\u2026 71<br \/>Kafalar \u0130yice Kar\u0131\u015ft\u0131\u2026\u2026\u2026\u2026\u2026\u2026\u2026\u2026\u2026\u2026\u2026\u2026\u2026\u2026\u2026\u2026\u2026\u2026\u2026\u2026\u2026\u2026.. 74<br \/>May\u0131s, Direni\u015flerimizin Ay\u0131d\u0131r\u2026\u2026\u2026\u2026\u2026\u2026\u2026\u2026\u2026\u2026\u2026\u2026\u2026\u2026\u2026\u2026\u2026 80<br \/>Bizi Tan\u0131mayanlar, Ayaklanmam\u0131z\u0131 Nas\u0131l Tan\u0131s\u0131nlar? \u2026\u2026\u2026&#8230; 86<br \/>Bulgaristan\u2019da 19 May\u0131s Olaylar\u0131 \u2026\u2026\u2026\u2026\u2026\u2026\u2026\u2026\u2026\u2026\u2026\u2026\u2026\u2026.\u2026 93<br \/>1989, Bulgaristan T\u00fcrklerinin Zafer Y\u0131l\u0131\u2026\u2026\u2026\u2026\u2026\u2026\u2026\u2026\u2026\u2026\u2026.. 99<\/p>\n\n\n\n<p><a rel=\"noreferrer noopener\" href=\"http:\/\/uluturk.net\/rafet\/wp-content\/uploads\/bulgaristanda-mayis-olaylari-2020.pdf\" target=\"_blank\">\u00dccretsiz kitab\u0131 pdf olarak indirmek i\u00e7in t\u0131klay\u0131n\u0131z&#8230;<\/a><\/p>\n","protected":false},"excerpt":{"rendered":"","protected":false},"author":1,"featured_media":0,"comment_status":"open","ping_status":"open","sticky":false,"template":"","format":"standard","meta":{"footnotes":""},"categories":[3],"tags":[],"class_list":["post-76","post","type-post","status-publish","format-standard","hentry","category-ucretsiz-kitaplar"],"_links":{"self":[{"href":"http:\/\/uluturk.net\/rafet\/wp-json\/wp\/v2\/posts\/76","targetHints":{"allow":["GET"]}}],"collection":[{"href":"http:\/\/uluturk.net\/rafet\/wp-json\/wp\/v2\/posts"}],"about":[{"href":"http:\/\/uluturk.net\/rafet\/wp-json\/wp\/v2\/types\/post"}],"author":[{"embeddable":true,"href":"http:\/\/uluturk.net\/rafet\/wp-json\/wp\/v2\/users\/1"}],"replies":[{"embeddable":true,"href":"http:\/\/uluturk.net\/rafet\/wp-json\/wp\/v2\/comments?post=76"}],"version-history":[{"count":4,"href":"http:\/\/uluturk.net\/rafet\/wp-json\/wp\/v2\/posts\/76\/revisions"}],"predecessor-version":[{"id":94,"href":"http:\/\/uluturk.net\/rafet\/wp-json\/wp\/v2\/posts\/76\/revisions\/94"}],"wp:attachment":[{"href":"http:\/\/uluturk.net\/rafet\/wp-json\/wp\/v2\/media?parent=76"}],"wp:term":[{"taxonomy":"category","embeddable":true,"href":"http:\/\/uluturk.net\/rafet\/wp-json\/wp\/v2\/categories?post=76"},{"taxonomy":"post_tag","embeddable":true,"href":"http:\/\/uluturk.net\/rafet\/wp-json\/wp\/v2\/tags?post=76"}],"curies":[{"name":"wp","href":"https:\/\/api.w.org\/{rel}","templated":true}]}}